{"id":3890,"date":"2018-05-22T09:29:16","date_gmt":"2018-05-22T07:29:16","guid":{"rendered":"https:\/\/www.addlance.com\/blog\/?p=3890"},"modified":"2021-02-17T23:34:48","modified_gmt":"2021-02-17T22:34:48","slug":"gdpr-freelance","status":"publish","type":"post","link":"https:\/\/seven.addlance.com\/beta\/blog\/gdpr-freelance\/","title":{"rendered":"GDPR, Protezione dei Dati personali: come Riguarda i Freelance"},"content":{"rendered":"<p><img decoding=\"async\" class=\"alignright wp-image-3891\" title=\"GDPR\" src=\"https:\/\/www.addlance.com\/wp-content\/uploads\/2018\/05\/GDPR-300x117.jpg\" alt=\"GDPR\" width=\"338\" height=\"132\" srcset=\"https:\/\/seven.addlance.com\/beta\/blog\/wp-content\/uploads\/2018\/05\/GDPR-300x117.jpg 300w, https:\/\/seven.addlance.com\/beta\/blog\/wp-content\/uploads\/2018\/05\/GDPR-1024x399.jpg 1024w, https:\/\/seven.addlance.com\/beta\/blog\/wp-content\/uploads\/2018\/05\/GDPR-768x300.jpg 768w, https:\/\/seven.addlance.com\/beta\/blog\/wp-content\/uploads\/2018\/05\/GDPR-1536x599.jpg 1536w, https:\/\/seven.addlance.com\/beta\/blog\/wp-content\/uploads\/2018\/05\/GDPR-610x238.jpg 610w, https:\/\/seven.addlance.com\/beta\/blog\/wp-content\/uploads\/2018\/05\/GDPR-1080x421.jpg 1080w, https:\/\/seven.addlance.com\/beta\/blog\/wp-content\/uploads\/2018\/05\/GDPR.jpg 1920w\" sizes=\"(max-width: 338px) 100vw, 338px\" \/>Il 25 maggio 2018 avr\u00e0 piena applicazione il Regolamento europeo sul trattamento dei dati personali (<strong>GDPR<\/strong>, acronimo di <em>General data protection regulation<\/em>), gi\u00e0 in vigore dal 24 maggio 2016. Si tratta del nuovo regolamento sulla protezione dei dati personali, che riguarder\u00e0 tutti i soggetti (pubblici e privati) che entreranno in possesso (o lo sono gi\u00e0) di dati personali di terzi.<\/p>\n<p>Che cosa si intende per dati personali? Devono essere considerati dati personali tutte le informazioni che si riferiscono a una persona e che riguardano ambiti sia privati sia professionali (come nomi, indirizzi, e-mail e coordinate bancarie).<\/p>\n<p>Questo Regolamento vale in tutti i Paesi dell\u2019Unione Europea ed \u00e8 di applicazione immediata. \u00c8 molto probabile che ci sar\u00e0 un periodo di tolleranza di sei mesi per chi non si adegua entro la data gi\u00e0 menzionata, ma le sanzioni previste possono arrivare fino al 4 per cento del fatturato annuo.<\/p>\n<p>Il tema \u00e8 complesso e credo che in questi giorni ognuno di noi stia cercando di raccogliere informazioni per affrontare la questione in modo corretto e adottare soluzioni fattive. In questo, il sito del <a href=\"http:\/\/www.garanteprivacy.it\/regolamentoue\/guida-all-applicazione-del-regolamento-europeo-in-materia-di-protezione-dei-dati-personali\">Garante per la Privacy<\/a> \u00e8 sicuramente un valido punto di partenza.<!--more--><\/p>\n<p>&nbsp;<\/p>\n<h2>Freelance, il GDPR ti riguarda se\u2026<\/h2>\n<p>Prima di tutto ci sono alcuni elementi da verificare, come spiega ACTA, l\u2019Associazione dei <em>freelance<\/em>. La domanda fulcro \u00e8 la seguente: <em>come freelance, le nuove norme sulla protezione dei dati personali, ci riguardano o meno<\/em>?<\/p>\n<p><strong>Sicuramente s\u00ec<\/strong>, se si verifica uno dei seguenti casi:<\/p>\n<ul>\n<li>hai un sito web con un modulo per il contatto e\/o si utilizzano cookie<\/li>\n<li>invii newsletter<\/li>\n<li>conservi dati sensibili di altre persone (es. dati sanitari e in ambito finanziario).<\/li>\n<\/ul>\n<p><strong>Sicuramente no<\/strong>, se gli unici dati che hai in possesso sono indirizzo e numero di partita IVA dei clienti.<\/p>\n<p>Le norme si riferiscono non solo ai dati digitali ma anche a quelli in formato cartaceo.<\/p>\n<p>&nbsp;<\/p>\n<h2>GDPR, ecco la procedura corretta da seguire<\/h2>\n<p>Se <strong>non hai<\/strong> dati sensibili procedi come segue:<\/p>\n<ul>\n<li>chiedi ai tuoi clienti un consenso informato al trattamento dei dati personali in modo chiaro e trasparente<\/li>\n<li>crittografa i dati su diversi dispositivi<\/li>\n<li>in caso di fuga dei dati (<em>data breach<\/em>) avverti entro 72 ore le persone i cui dati sono stati trafugati<\/li>\n<\/ul>\n<p>Se, invece, hai dati sensibili l\u2019operazione risulta pi\u00f9 complessa, perch\u00e9 sei tenuto ad avere un <strong>registro per la GDPR<\/strong>, redigendo un documento specifico da mostrare in caso di controlli e un <strong>registro dei clienti<\/strong> con il consenso al trattamento dei dati.<\/p>\n<p>Sar\u00e0 necessario inoltre confermare:<\/p>\n<ul>\n<li>se si adottano sistemi di sicurezza per le e-mail o per il server<\/li>\n<li>se si protegge il computer e gli altri sistemi elettronici con password, a uso esclusivamente professionale, e chi potrebbe eventualmente accedere ai dati, anche accidentalmente<\/li>\n<li>in caso di collaborazione, anche occasionale, con altri colleghi, se tali fornitori hanno sottoscritto con noi un accordo di riservatezza e in quali termini. I fornitori dovranno a loro volta comunicare come trattano i dati e a chi li confermano<\/li>\n<li>nel caso dei traduttori, se si usano software di traduzione automatica, insieme a software di traduzione assistita (CAT)<\/li>\n<li>per quanto tempo si conservano i dati di un cliente nei sistemi elettronici e\/o cartacei, nel caso in cui un cliente contatta e manda un incarico al <em>freelance.<\/em> In Italia c&#8217;\u00e8 l&#8217;obbligo di tenere i documenti fiscali (per esempio, fatture) per un periodo di dieci anni<\/li>\n<li>oltre ai dati, si dovr\u00e0 anche confermare per quanto tempo conserveremo i lavori (di traduzione nel mio caso) nei computer.<\/li>\n<\/ul>\n<p>&nbsp;<\/p>\n<h2>Sul web fioccano offerte per le consulenze<\/h2>\n<p>In rete fioccano al momento le offerte per consulenze, ma quello che \u00e8 necessario fare ora mi sembra chiaro. L\u2019obiettivo \u00e8 comunque informarsi attraverso canali ufficiali e di farlo bene. Chi appartiene ad una Associazione o ad un Ordine professionale pu\u00f2 seguire le informazioni in merito sui propri canali.<\/p>\n<p>Ad esempio, AITI, associazione di interpreti e traduttori cui faccio parte, ha organizzato corsi in presenza per i soci e questi corsi potrebbero essere un punto di partenza valido per dimostrare che ci stiamo rendendo \u201cproattivi\u201d in materia di protezione dei dati personali.<\/p>\n<p>&nbsp;<\/p>\n<p><em>Guest post a cura di Alessandra Chiappini<\/em><\/p>\n<p>&nbsp;<\/p>\n<p>&nbsp;    \t<\/p>\n","protected":false},"excerpt":{"rendered":"<p>Ecco cosa sapere sul GDPR, il regolamento sulla protezione dei dati personali che entra definitivamente in vigore il 25 maggio 2018. Riguarder\u00e0 anche i freelance? S\u00ec, se si verificano queste condizioni<\/p>\n","protected":false},"author":5,"featured_media":3891,"comment_status":"open","ping_status":"open","sticky":false,"template":"","format":"standard","meta":{"_et_pb_use_builder":"","_et_pb_old_content":"","_et_gb_content_width":""},"categories":[11],"tags":[22],"aioseo_notices":[],"_links":{"self":[{"href":"https:\/\/seven.addlance.com\/beta\/blog\/wp-json\/wp\/v2\/posts\/3890"}],"collection":[{"href":"https:\/\/seven.addlance.com\/beta\/blog\/wp-json\/wp\/v2\/posts"}],"about":[{"href":"https:\/\/seven.addlance.com\/beta\/blog\/wp-json\/wp\/v2\/types\/post"}],"author":[{"embeddable":true,"href":"https:\/\/seven.addlance.com\/beta\/blog\/wp-json\/wp\/v2\/users\/5"}],"replies":[{"embeddable":true,"href":"https:\/\/seven.addlance.com\/beta\/blog\/wp-json\/wp\/v2\/comments?post=3890"}],"version-history":[{"count":1,"href":"https:\/\/seven.addlance.com\/beta\/blog\/wp-json\/wp\/v2\/posts\/3890\/revisions"}],"predecessor-version":[{"id":10950,"href":"https:\/\/seven.addlance.com\/beta\/blog\/wp-json\/wp\/v2\/posts\/3890\/revisions\/10950"}],"wp:featuredmedia":[{"embeddable":true,"href":"https:\/\/seven.addlance.com\/beta\/blog\/wp-json\/wp\/v2\/media\/3891"}],"wp:attachment":[{"href":"https:\/\/seven.addlance.com\/beta\/blog\/wp-json\/wp\/v2\/media?parent=3890"}],"wp:term":[{"taxonomy":"category","embeddable":true,"href":"https:\/\/seven.addlance.com\/beta\/blog\/wp-json\/wp\/v2\/categories?post=3890"},{"taxonomy":"post_tag","embeddable":true,"href":"https:\/\/seven.addlance.com\/beta\/blog\/wp-json\/wp\/v2\/tags?post=3890"}],"curies":[{"name":"wp","href":"https:\/\/api.w.org\/{rel}","templated":true}]}}